{"id":185,"date":"2025-04-22T11:31:05","date_gmt":"2025-04-22T10:31:05","guid":{"rendered":"https:\/\/poltorakstomatologia.pl\/?p=185"},"modified":"2025-05-05T17:31:01","modified_gmt":"2025-05-05T16:31:01","slug":"leczenie-paradontoza-laser-kielce","status":"publish","type":"post","link":"https:\/\/poltorakstomatologia.pl\/index.php\/2025\/04\/22\/leczenie-paradontoza-laser-kielce\/","title":{"rendered":"Laserowe leczenie chor\u00f3b przyz\u0119bia w Kielcach: nowoczesna metoda LANAP z u\u017cyciem lasera AdvErL Evo firmy MORITA"},"content":{"rendered":"\n<p>Choroby przyz\u0119bia, zwane r\u00f3wnie\u017c paradontoz\u0105, nale\u017c\u0105 do g\u0142\u00f3wnych przyczyn utraty z\u0119b\u00f3w u doros\u0142ych. Ich skuteczne leczenie wymaga precyzyjnego dzia\u0142ania, du\u017cej skuteczno\u015bci oraz jak najmniejszej inwazyjno\u015bci. W gabinecie dr. Konrada P\u00f3\u0142toraka w Kielcach stosujemy innowacyjn\u0105 metod\u0119 LANAP (Laser Assisted New Attachment Procedure) przy wykorzystaniu zaawansowanego technologicznie lasera Morita AdvErL Evo.<\/p>\n\n\n\n<p><strong><strong>Na czym polega zabieg LANAP?<\/strong><\/strong><br>LANAP to nowoczesna metoda leczenia zapalenia przyz\u0119bia, kt\u00f3ra opiera si\u0119 na wykorzystaniu lasera do dok\u0142adnego oczyszczania kieszonek dzi\u0105s\u0142owych, usuwania bakterii oraz stymulowania odbudowy tkanek przyz\u0119bia. Laser Morita AdvErL Evo umo\u017cliwia bezpieczne i skuteczne dzia\u0142anie nawet w trudno dost\u0119pnych miejscach.<\/p>\n\n\n\n<hr class=\"wp-block-separator has-alpha-channel-opacity\"\/>\n\n\n\n<h3 class=\"wp-block-heading\"><strong>Zalety leczenia laserowego:<\/strong><\/h3>\n\n\n\n<ul class=\"wp-block-list\">\n<li>Brak konieczno\u015bci u\u017cycia skalpela i szw\u00f3w \u2013 laser usuwa zmienione chorobowo tkanki bez nacinania dzi\u0105se\u0142,<\/li>\n\n\n\n<li>Minimalny dyskomfort dla pacjenta,<\/li>\n\n\n\n<li>Kr\u00f3tszy czas rekonwalescencji,<\/li>\n\n\n\n<li>Mniejsze ryzyko powik\u0142a\u0144,<\/li>\n\n\n\n<li>Skuteczne usuwanie bakterii powoduj\u0105cych paradontoz\u0119,<\/li>\n\n\n\n<li>Pobudzenie odbudowy ko\u015bci i wi\u0119zade\u0142 przyz\u0119bia.<\/li>\n<\/ul>\n\n\n\n<hr class=\"wp-block-separator has-alpha-channel-opacity\"\/>\n\n\n\n<h3 class=\"wp-block-heading\"><strong>Dla kogo przeznaczona jest metoda LANAP?<\/strong><\/h3>\n\n\n\n<p>LANAP to doskona\u0142a opcja dla pacjent\u00f3w z umiarkowanym lub zaawansowanym zapaleniem przyz\u0119bia. Jest szczeg\u00f3lnie polecana osobom, kt\u00f3re obawiaj\u0105 si\u0119 tradycyjnych zabieg\u00f3w chirurgicznych lub nie mog\u0105 pozwoli\u0107 sobie na d\u0142ug\u0105 rekonwalescencj\u0119.<\/p>\n\n\n\n<hr class=\"wp-block-separator has-alpha-channel-opacity\"\/>\n\n\n\n<h3 class=\"wp-block-heading\">Inne mo\u017cliwo\u015bci zastosowania lasera Morita AdvErL Evo Er:YAG<\/h3>\n\n\n\n<p>Laser, kt\u00f3rego u\u017cywamy w naszym gabinecie, znajduje zastosowanie nie tylko w leczeniu chor\u00f3b przyz\u0119bia. Sprawdza si\u0119 r\u00f3wnie\u017c w:<\/p>\n\n\n\n<ul class=\"wp-block-list\">\n<li>leczeniu nadwra\u017cliwo\u015bci z\u0119b\u00f3w,<\/li>\n\n\n\n<li>usuwaniu zmian \u015bluz\u00f3wkowych (np. aft, nadzi\u0105\u015blak\u00f3w),<\/li>\n\n\n\n<li>dezynfekcji kana\u0142\u00f3w korzeniowych przy leczeniu endodontycznym,<\/li>\n\n\n\n<li>przygotowywaniu z\u0119b\u00f3w pod korony i mosty,<\/li>\n\n\n\n<li>wspomaganiu gojenia po implantacji,<\/li>\n\n\n\n<li>redukcji bakterii w leczeniu kieszeni przyimplantowych,<\/li>\n\n\n\n<li>wybielaniu z\u0119b\u00f3w (jako wspomaganie procedur wybielania).<\/li>\n<\/ul>\n\n\n\n<p>Dzi\u0119ki temu laser staje si\u0119 wszechstronnym narz\u0119dziem poprawiaj\u0105cym skuteczno\u015b\u0107 wielu zabieg\u00f3w stomatologicznych.<\/p>\n\n\n\n<hr class=\"wp-block-separator has-alpha-channel-opacity\"\/>\n\n\n\n<figure class=\"wp-block-gallery has-nested-images columns-default is-cropped wp-block-gallery-1 is-layout-flex wp-block-gallery-is-layout-flex\">\n<figure class=\"wp-block-image size-large\"><img loading=\"lazy\" decoding=\"async\" width=\"768\" height=\"1024\" data-id=\"196\" src=\"https:\/\/poltorakstomatologia.pl\/wp-content\/uploads\/2025\/04\/IMG-20250505-WA0002-768x1024.jpg\" alt=\"laser do leczenia paradontozy\" class=\"wp-image-196\" srcset=\"https:\/\/poltorakstomatologia.pl\/wp-content\/uploads\/2025\/04\/IMG-20250505-WA0002-768x1024.jpg 768w, https:\/\/poltorakstomatologia.pl\/wp-content\/uploads\/2025\/04\/IMG-20250505-WA0002-225x300.jpg 225w, https:\/\/poltorakstomatologia.pl\/wp-content\/uploads\/2025\/04\/IMG-20250505-WA0002-1152x1536.jpg 1152w, https:\/\/poltorakstomatologia.pl\/wp-content\/uploads\/2025\/04\/IMG-20250505-WA0002.jpg 1200w\" sizes=\"auto, (max-width: 767px) 89vw, (max-width: 1000px) 54vw, (max-width: 1071px) 543px, 580px\" \/><\/figure>\n\n\n\n<figure class=\"wp-block-image size-large\"><img loading=\"lazy\" decoding=\"async\" width=\"768\" height=\"1024\" data-id=\"197\" src=\"https:\/\/poltorakstomatologia.pl\/wp-content\/uploads\/2025\/04\/IMG-20250505-WA0003-768x1024.jpg\" alt=\"laser do leczenia paradontozy\" class=\"wp-image-197\" srcset=\"https:\/\/poltorakstomatologia.pl\/wp-content\/uploads\/2025\/04\/IMG-20250505-WA0003-768x1024.jpg 768w, https:\/\/poltorakstomatologia.pl\/wp-content\/uploads\/2025\/04\/IMG-20250505-WA0003-225x300.jpg 225w, https:\/\/poltorakstomatologia.pl\/wp-content\/uploads\/2025\/04\/IMG-20250505-WA0003-1152x1536.jpg 1152w, https:\/\/poltorakstomatologia.pl\/wp-content\/uploads\/2025\/04\/IMG-20250505-WA0003.jpg 1200w\" sizes=\"auto, (max-width: 767px) 89vw, (max-width: 1000px) 54vw, (max-width: 1071px) 543px, 580px\" \/><\/figure>\n<\/figure>\n\n\n\n<h3 class=\"wp-block-heading\"><strong>Podsumowanie<\/strong><\/h3>\n\n\n\n<p>Nowoczesne leczenie chor\u00f3b przyz\u0119bia metod\u0105 LANAP z u\u017cyciem lasera Morita AdvErL Evo to skuteczna, bezpieczna i komfortowa alternatywa dla klasycznych zabieg\u00f3w chirurgicznych. Je\u015bli zauwa\u017casz takie objawy jak krwawienie z dzi\u0105se\u0142, ruszaj\u0105ce si\u0119 z\u0119by czy nieprzyjemny zapach z ust \u2013 nie zwlekaj. Skontaktuj si\u0119 z nami.<\/p>\n\n\n\n<p>Tw\u00f3j stomatolog dr Konrad P\u00f3\u0142torak zadba o zdrowie Twoich z\u0119b\u00f3w i dzi\u0105se\u0142 w nowoczesny i bezbolesny spos\u00f3b.<\/p>\n\n\n\n<p><strong>Zapraszamy do um\u00f3wienia wizyty!<\/strong><br><\/p>\n\n\n\n<p><\/p>\n","protected":false},"excerpt":{"rendered":"<p>Choroby przyz\u0119bia, zwane r\u00f3wnie\u017c paradontoz\u0105, nale\u017c\u0105 do g\u0142\u00f3wnych przyczyn utraty z\u0119b\u00f3w u doros\u0142ych. Ich skuteczne leczenie wymaga precyzyjnego dzia\u0142ania, du\u017cej skuteczno\u015bci oraz jak najmniejszej inwazyjno\u015bci. W gabinecie dr. Konrada P\u00f3\u0142toraka w Kielcach stosujemy innowacyjn\u0105 metod\u0119 LANAP (Laser Assisted New Attachment Procedure) przy wykorzystaniu zaawansowanego technologicznie lasera Morita AdvErL Evo. Na czym polega zabieg LANAP?LANAP to &hellip; <\/p>\n<p class=\"link-more\"><a href=\"https:\/\/poltorakstomatologia.pl\/index.php\/2025\/04\/22\/leczenie-paradontoza-laser-kielce\/\" class=\"more-link\">Czytaj dalej<span class=\"screen-reader-text\"> \u201eLaserowe leczenie chor\u00f3b przyz\u0119bia w Kielcach: nowoczesna metoda LANAP z u\u017cyciem lasera AdvErL Evo firmy MORITA\u201d<\/span><\/a><\/p>\n","protected":false},"author":1,"featured_media":186,"comment_status":"closed","ping_status":"open","sticky":false,"template":"","format":"standard","meta":{"footnotes":""},"categories":[1],"tags":[],"class_list":["post-185","post","type-post","status-publish","format-standard","has-post-thumbnail","hentry","category-uncategorized"],"yoast_head":"<!-- This site is optimized with the Yoast SEO plugin v27.1.1 - https:\/\/yoast.com\/product\/yoast-seo-wordpress\/ -->\n<title>Laserowe leczenie chor\u00f3b przyz\u0119bia w Kielcach: nowoczesna metoda LANAP z u\u017cyciem lasera AdvErL Evo firmy MORITA - Gabinet stomatologiczno-protetyczny<\/title>\n<meta name=\"description\" content=\"Choroby przyz\u0119bia, zwane r\u00f3wnie\u017c paradontoz\u0105, nale\u017c\u0105 do g\u0142\u00f3wnych przyczyn utraty z\u0119b\u00f3w u doros\u0142ych. Ich skuteczne leczenie wymaga precyzyjnego dzia\u0142ania, du\u017cej skuteczno\u015bci oraz jak najmniejszej inwazyjno\u015bci.\" \/>\n<meta name=\"robots\" content=\"index, follow, max-snippet:-1, max-image-preview:large, max-video-preview:-1\" \/>\n<link rel=\"canonical\" href=\"https:\/\/poltorakstomatologia.pl\/index.php\/2025\/04\/22\/leczenie-paradontoza-laser-kielce\/\" \/>\n<meta property=\"og:locale\" content=\"pl_PL\" \/>\n<meta property=\"og:type\" content=\"article\" \/>\n<meta property=\"og:title\" content=\"Laserowe leczenie chor\u00f3b przyz\u0119bia w Kielcach: nowoczesna metoda LANAP z u\u017cyciem lasera AdvErL Evo firmy MORITA - Gabinet stomatologiczno-protetyczny\" \/>\n<meta property=\"og:description\" content=\"Choroby przyz\u0119bia, zwane r\u00f3wnie\u017c paradontoz\u0105, nale\u017c\u0105 do g\u0142\u00f3wnych przyczyn utraty z\u0119b\u00f3w u doros\u0142ych. Ich skuteczne leczenie wymaga precyzyjnego dzia\u0142ania, du\u017cej skuteczno\u015bci oraz jak najmniejszej inwazyjno\u015bci.\" \/>\n<meta property=\"og:url\" content=\"https:\/\/poltorakstomatologia.pl\/index.php\/2025\/04\/22\/leczenie-paradontoza-laser-kielce\/\" \/>\n<meta property=\"og:site_name\" content=\"Gabinet stomatologiczno-protetyczny\" \/>\n<meta property=\"article:publisher\" content=\"https:\/\/www.facebook.com\/PoltorakStomatologia\" \/>\n<meta property=\"article:published_time\" content=\"2025-04-22T10:31:05+00:00\" \/>\n<meta property=\"article:modified_time\" content=\"2025-05-05T16:31:01+00:00\" \/>\n<meta property=\"og:image\" content=\"https:\/\/poltorakstomatologia.pl\/wp-content\/uploads\/2025\/04\/adverl-1.jpg\" \/>\n\t<meta property=\"og:image:width\" content=\"960\" \/>\n\t<meta property=\"og:image:height\" content=\"960\" \/>\n\t<meta property=\"og:image:type\" content=\"image\/jpeg\" \/>\n<meta name=\"author\" content=\"admin4689\" \/>\n<meta name=\"twitter:card\" content=\"summary_large_image\" \/>\n<meta name=\"twitter:label1\" content=\"Napisane przez\" \/>\n\t<meta name=\"twitter:data1\" content=\"admin4689\" \/>\n\t<meta name=\"twitter:label2\" content=\"Szacowany czas czytania\" \/>\n\t<meta name=\"twitter:data2\" content=\"3 minuty\" \/>\n<script type=\"application\/ld+json\" class=\"yoast-schema-graph\">{\"@context\":\"https:\/\/schema.org\",\"@graph\":[{\"@type\":\"Article\",\"@id\":\"https:\/\/poltorakstomatologia.pl\/index.php\/2025\/04\/22\/leczenie-paradontoza-laser-kielce\/#article\",\"isPartOf\":{\"@id\":\"https:\/\/poltorakstomatologia.pl\/index.php\/2025\/04\/22\/leczenie-paradontoza-laser-kielce\/\"},\"author\":{\"name\":\"admin4689\",\"@id\":\"https:\/\/poltorakstomatologia.pl\/#\/schema\/person\/976fb5e5b348e112138e70f38cd3697a\"},\"headline\":\"Laserowe leczenie chor\u00f3b przyz\u0119bia w Kielcach: nowoczesna metoda LANAP z u\u017cyciem lasera AdvErL Evo firmy MORITA\",\"datePublished\":\"2025-04-22T10:31:05+00:00\",\"dateModified\":\"2025-05-05T16:31:01+00:00\",\"mainEntityOfPage\":{\"@id\":\"https:\/\/poltorakstomatologia.pl\/index.php\/2025\/04\/22\/leczenie-paradontoza-laser-kielce\/\"},\"wordCount\":404,\"publisher\":{\"@id\":\"https:\/\/poltorakstomatologia.pl\/#organization\"},\"image\":{\"@id\":\"https:\/\/poltorakstomatologia.pl\/index.php\/2025\/04\/22\/leczenie-paradontoza-laser-kielce\/#primaryimage\"},\"thumbnailUrl\":\"https:\/\/poltorakstomatologia.pl\/wp-content\/uploads\/2025\/04\/adverl-1.jpg\",\"articleSection\":[\"Uncategorized\"],\"inLanguage\":\"pl-PL\"},{\"@type\":\"WebPage\",\"@id\":\"https:\/\/poltorakstomatologia.pl\/index.php\/2025\/04\/22\/leczenie-paradontoza-laser-kielce\/\",\"url\":\"https:\/\/poltorakstomatologia.pl\/index.php\/2025\/04\/22\/leczenie-paradontoza-laser-kielce\/\",\"name\":\"Laserowe leczenie chor\u00f3b przyz\u0119bia w Kielcach: nowoczesna metoda LANAP z u\u017cyciem lasera AdvErL Evo firmy MORITA - Gabinet stomatologiczno-protetyczny\",\"isPartOf\":{\"@id\":\"https:\/\/poltorakstomatologia.pl\/#website\"},\"primaryImageOfPage\":{\"@id\":\"https:\/\/poltorakstomatologia.pl\/index.php\/2025\/04\/22\/leczenie-paradontoza-laser-kielce\/#primaryimage\"},\"image\":{\"@id\":\"https:\/\/poltorakstomatologia.pl\/index.php\/2025\/04\/22\/leczenie-paradontoza-laser-kielce\/#primaryimage\"},\"thumbnailUrl\":\"https:\/\/poltorakstomatologia.pl\/wp-content\/uploads\/2025\/04\/adverl-1.jpg\",\"datePublished\":\"2025-04-22T10:31:05+00:00\",\"dateModified\":\"2025-05-05T16:31:01+00:00\",\"description\":\"Choroby przyz\u0119bia, zwane r\u00f3wnie\u017c paradontoz\u0105, nale\u017c\u0105 do g\u0142\u00f3wnych przyczyn utraty z\u0119b\u00f3w u doros\u0142ych. Ich skuteczne leczenie wymaga precyzyjnego dzia\u0142ania, du\u017cej skuteczno\u015bci oraz jak najmniejszej inwazyjno\u015bci.\",\"breadcrumb\":{\"@id\":\"https:\/\/poltorakstomatologia.pl\/index.php\/2025\/04\/22\/leczenie-paradontoza-laser-kielce\/#breadcrumb\"},\"inLanguage\":\"pl-PL\",\"potentialAction\":[{\"@type\":\"ReadAction\",\"target\":[\"https:\/\/poltorakstomatologia.pl\/index.php\/2025\/04\/22\/leczenie-paradontoza-laser-kielce\/\"]}]},{\"@type\":\"ImageObject\",\"inLanguage\":\"pl-PL\",\"@id\":\"https:\/\/poltorakstomatologia.pl\/index.php\/2025\/04\/22\/leczenie-paradontoza-laser-kielce\/#primaryimage\",\"url\":\"https:\/\/poltorakstomatologia.pl\/wp-content\/uploads\/2025\/04\/adverl-1.jpg\",\"contentUrl\":\"https:\/\/poltorakstomatologia.pl\/wp-content\/uploads\/2025\/04\/adverl-1.jpg\",\"width\":960,\"height\":960,\"caption\":\"Laser Morita AdvErL Evo leczenie paradontozy\"},{\"@type\":\"BreadcrumbList\",\"@id\":\"https:\/\/poltorakstomatologia.pl\/index.php\/2025\/04\/22\/leczenie-paradontoza-laser-kielce\/#breadcrumb\",\"itemListElement\":[{\"@type\":\"ListItem\",\"position\":1,\"name\":\"Strona g\u0142\u00f3wna\",\"item\":\"https:\/\/poltorakstomatologia.pl\/\"},{\"@type\":\"ListItem\",\"position\":2,\"name\":\"Laserowe leczenie chor\u00f3b przyz\u0119bia w Kielcach: nowoczesna metoda LANAP z u\u017cyciem lasera AdvErL Evo firmy MORITA\"}]},{\"@type\":\"WebSite\",\"@id\":\"https:\/\/poltorakstomatologia.pl\/#website\",\"url\":\"https:\/\/poltorakstomatologia.pl\/\",\"name\":\"Dentysta Kielce \u2013 Konrad P\u00f3\u0142torak | Stomatologia & Protetyka\",\"description\":\"Dr n. med. Konrad P\u00f3\u0142torak\",\"publisher\":{\"@id\":\"https:\/\/poltorakstomatologia.pl\/#organization\"},\"potentialAction\":[{\"@type\":\"SearchAction\",\"target\":{\"@type\":\"EntryPoint\",\"urlTemplate\":\"https:\/\/poltorakstomatologia.pl\/?s={search_term_string}\"},\"query-input\":{\"@type\":\"PropertyValueSpecification\",\"valueRequired\":true,\"valueName\":\"search_term_string\"}}],\"inLanguage\":\"pl-PL\"},{\"@type\":\"Organization\",\"@id\":\"https:\/\/poltorakstomatologia.pl\/#organization\",\"name\":\"Gabinet stomatologiczno-protetyczny Konrad P\u00f3\u0142torak\",\"url\":\"https:\/\/poltorakstomatologia.pl\/\",\"logo\":{\"@type\":\"ImageObject\",\"inLanguage\":\"pl-PL\",\"@id\":\"https:\/\/poltorakstomatologia.pl\/#\/schema\/logo\/image\/\",\"url\":\"https:\/\/poltorakstomatologia.pl\/wp-content\/uploads\/2025\/04\/Dodaj-naglowek-2.png\",\"contentUrl\":\"https:\/\/poltorakstomatologia.pl\/wp-content\/uploads\/2025\/04\/Dodaj-naglowek-2.png\",\"width\":940,\"height\":788,\"caption\":\"Gabinet stomatologiczno-protetyczny Konrad P\u00f3\u0142torak\"},\"image\":{\"@id\":\"https:\/\/poltorakstomatologia.pl\/#\/schema\/logo\/image\/\"},\"sameAs\":[\"https:\/\/www.facebook.com\/PoltorakStomatologia\",\"https:\/\/www.instagram.com\/konradpoltorak.dr\/\"]},{\"@type\":\"Person\",\"@id\":\"https:\/\/poltorakstomatologia.pl\/#\/schema\/person\/976fb5e5b348e112138e70f38cd3697a\",\"name\":\"admin4689\",\"image\":{\"@type\":\"ImageObject\",\"inLanguage\":\"pl-PL\",\"@id\":\"https:\/\/poltorakstomatologia.pl\/#\/schema\/person\/image\/\",\"url\":\"https:\/\/secure.gravatar.com\/avatar\/1b07f97d6dca9edacd044f9cdcf9c8447a6e826692d6c843aeaab064d0da6305?s=96&d=mm&r=g\",\"contentUrl\":\"https:\/\/secure.gravatar.com\/avatar\/1b07f97d6dca9edacd044f9cdcf9c8447a6e826692d6c843aeaab064d0da6305?s=96&d=mm&r=g\",\"caption\":\"admin4689\"},\"url\":\"https:\/\/poltorakstomatologia.pl\/index.php\/author\/admin4689\/\"}]}<\/script>\n<!-- \/ Yoast SEO plugin. -->","yoast_head_json":{"title":"Laserowe leczenie chor\u00f3b przyz\u0119bia w Kielcach: nowoczesna metoda LANAP z u\u017cyciem lasera AdvErL Evo firmy MORITA - Gabinet stomatologiczno-protetyczny","description":"Choroby przyz\u0119bia, zwane r\u00f3wnie\u017c paradontoz\u0105, nale\u017c\u0105 do g\u0142\u00f3wnych przyczyn utraty z\u0119b\u00f3w u doros\u0142ych. Ich skuteczne leczenie wymaga precyzyjnego dzia\u0142ania, du\u017cej skuteczno\u015bci oraz jak najmniejszej inwazyjno\u015bci.","robots":{"index":"index","follow":"follow","max-snippet":"max-snippet:-1","max-image-preview":"max-image-preview:large","max-video-preview":"max-video-preview:-1"},"canonical":"https:\/\/poltorakstomatologia.pl\/index.php\/2025\/04\/22\/leczenie-paradontoza-laser-kielce\/","og_locale":"pl_PL","og_type":"article","og_title":"Laserowe leczenie chor\u00f3b przyz\u0119bia w Kielcach: nowoczesna metoda LANAP z u\u017cyciem lasera AdvErL Evo firmy MORITA - Gabinet stomatologiczno-protetyczny","og_description":"Choroby przyz\u0119bia, zwane r\u00f3wnie\u017c paradontoz\u0105, nale\u017c\u0105 do g\u0142\u00f3wnych przyczyn utraty z\u0119b\u00f3w u doros\u0142ych. Ich skuteczne leczenie wymaga precyzyjnego dzia\u0142ania, du\u017cej skuteczno\u015bci oraz jak najmniejszej inwazyjno\u015bci.","og_url":"https:\/\/poltorakstomatologia.pl\/index.php\/2025\/04\/22\/leczenie-paradontoza-laser-kielce\/","og_site_name":"Gabinet stomatologiczno-protetyczny","article_publisher":"https:\/\/www.facebook.com\/PoltorakStomatologia","article_published_time":"2025-04-22T10:31:05+00:00","article_modified_time":"2025-05-05T16:31:01+00:00","og_image":[{"width":960,"height":960,"url":"https:\/\/poltorakstomatologia.pl\/wp-content\/uploads\/2025\/04\/adverl-1.jpg","type":"image\/jpeg"}],"author":"admin4689","twitter_card":"summary_large_image","twitter_misc":{"Napisane przez":"admin4689","Szacowany czas czytania":"3 minuty"},"schema":{"@context":"https:\/\/schema.org","@graph":[{"@type":"Article","@id":"https:\/\/poltorakstomatologia.pl\/index.php\/2025\/04\/22\/leczenie-paradontoza-laser-kielce\/#article","isPartOf":{"@id":"https:\/\/poltorakstomatologia.pl\/index.php\/2025\/04\/22\/leczenie-paradontoza-laser-kielce\/"},"author":{"name":"admin4689","@id":"https:\/\/poltorakstomatologia.pl\/#\/schema\/person\/976fb5e5b348e112138e70f38cd3697a"},"headline":"Laserowe leczenie chor\u00f3b przyz\u0119bia w Kielcach: nowoczesna metoda LANAP z u\u017cyciem lasera AdvErL Evo firmy MORITA","datePublished":"2025-04-22T10:31:05+00:00","dateModified":"2025-05-05T16:31:01+00:00","mainEntityOfPage":{"@id":"https:\/\/poltorakstomatologia.pl\/index.php\/2025\/04\/22\/leczenie-paradontoza-laser-kielce\/"},"wordCount":404,"publisher":{"@id":"https:\/\/poltorakstomatologia.pl\/#organization"},"image":{"@id":"https:\/\/poltorakstomatologia.pl\/index.php\/2025\/04\/22\/leczenie-paradontoza-laser-kielce\/#primaryimage"},"thumbnailUrl":"https:\/\/poltorakstomatologia.pl\/wp-content\/uploads\/2025\/04\/adverl-1.jpg","articleSection":["Uncategorized"],"inLanguage":"pl-PL"},{"@type":"WebPage","@id":"https:\/\/poltorakstomatologia.pl\/index.php\/2025\/04\/22\/leczenie-paradontoza-laser-kielce\/","url":"https:\/\/poltorakstomatologia.pl\/index.php\/2025\/04\/22\/leczenie-paradontoza-laser-kielce\/","name":"Laserowe leczenie chor\u00f3b przyz\u0119bia w Kielcach: nowoczesna metoda LANAP z u\u017cyciem lasera AdvErL Evo firmy MORITA - Gabinet stomatologiczno-protetyczny","isPartOf":{"@id":"https:\/\/poltorakstomatologia.pl\/#website"},"primaryImageOfPage":{"@id":"https:\/\/poltorakstomatologia.pl\/index.php\/2025\/04\/22\/leczenie-paradontoza-laser-kielce\/#primaryimage"},"image":{"@id":"https:\/\/poltorakstomatologia.pl\/index.php\/2025\/04\/22\/leczenie-paradontoza-laser-kielce\/#primaryimage"},"thumbnailUrl":"https:\/\/poltorakstomatologia.pl\/wp-content\/uploads\/2025\/04\/adverl-1.jpg","datePublished":"2025-04-22T10:31:05+00:00","dateModified":"2025-05-05T16:31:01+00:00","description":"Choroby przyz\u0119bia, zwane r\u00f3wnie\u017c paradontoz\u0105, nale\u017c\u0105 do g\u0142\u00f3wnych przyczyn utraty z\u0119b\u00f3w u doros\u0142ych. Ich skuteczne leczenie wymaga precyzyjnego dzia\u0142ania, du\u017cej skuteczno\u015bci oraz jak najmniejszej inwazyjno\u015bci.","breadcrumb":{"@id":"https:\/\/poltorakstomatologia.pl\/index.php\/2025\/04\/22\/leczenie-paradontoza-laser-kielce\/#breadcrumb"},"inLanguage":"pl-PL","potentialAction":[{"@type":"ReadAction","target":["https:\/\/poltorakstomatologia.pl\/index.php\/2025\/04\/22\/leczenie-paradontoza-laser-kielce\/"]}]},{"@type":"ImageObject","inLanguage":"pl-PL","@id":"https:\/\/poltorakstomatologia.pl\/index.php\/2025\/04\/22\/leczenie-paradontoza-laser-kielce\/#primaryimage","url":"https:\/\/poltorakstomatologia.pl\/wp-content\/uploads\/2025\/04\/adverl-1.jpg","contentUrl":"https:\/\/poltorakstomatologia.pl\/wp-content\/uploads\/2025\/04\/adverl-1.jpg","width":960,"height":960,"caption":"Laser Morita AdvErL Evo leczenie paradontozy"},{"@type":"BreadcrumbList","@id":"https:\/\/poltorakstomatologia.pl\/index.php\/2025\/04\/22\/leczenie-paradontoza-laser-kielce\/#breadcrumb","itemListElement":[{"@type":"ListItem","position":1,"name":"Strona g\u0142\u00f3wna","item":"https:\/\/poltorakstomatologia.pl\/"},{"@type":"ListItem","position":2,"name":"Laserowe leczenie chor\u00f3b przyz\u0119bia w Kielcach: nowoczesna metoda LANAP z u\u017cyciem lasera AdvErL Evo firmy MORITA"}]},{"@type":"WebSite","@id":"https:\/\/poltorakstomatologia.pl\/#website","url":"https:\/\/poltorakstomatologia.pl\/","name":"Dentysta Kielce \u2013 Konrad P\u00f3\u0142torak | Stomatologia & Protetyka","description":"Dr n. med. Konrad P\u00f3\u0142torak","publisher":{"@id":"https:\/\/poltorakstomatologia.pl\/#organization"},"potentialAction":[{"@type":"SearchAction","target":{"@type":"EntryPoint","urlTemplate":"https:\/\/poltorakstomatologia.pl\/?s={search_term_string}"},"query-input":{"@type":"PropertyValueSpecification","valueRequired":true,"valueName":"search_term_string"}}],"inLanguage":"pl-PL"},{"@type":"Organization","@id":"https:\/\/poltorakstomatologia.pl\/#organization","name":"Gabinet stomatologiczno-protetyczny Konrad P\u00f3\u0142torak","url":"https:\/\/poltorakstomatologia.pl\/","logo":{"@type":"ImageObject","inLanguage":"pl-PL","@id":"https:\/\/poltorakstomatologia.pl\/#\/schema\/logo\/image\/","url":"https:\/\/poltorakstomatologia.pl\/wp-content\/uploads\/2025\/04\/Dodaj-naglowek-2.png","contentUrl":"https:\/\/poltorakstomatologia.pl\/wp-content\/uploads\/2025\/04\/Dodaj-naglowek-2.png","width":940,"height":788,"caption":"Gabinet stomatologiczno-protetyczny Konrad P\u00f3\u0142torak"},"image":{"@id":"https:\/\/poltorakstomatologia.pl\/#\/schema\/logo\/image\/"},"sameAs":["https:\/\/www.facebook.com\/PoltorakStomatologia","https:\/\/www.instagram.com\/konradpoltorak.dr\/"]},{"@type":"Person","@id":"https:\/\/poltorakstomatologia.pl\/#\/schema\/person\/976fb5e5b348e112138e70f38cd3697a","name":"admin4689","image":{"@type":"ImageObject","inLanguage":"pl-PL","@id":"https:\/\/poltorakstomatologia.pl\/#\/schema\/person\/image\/","url":"https:\/\/secure.gravatar.com\/avatar\/1b07f97d6dca9edacd044f9cdcf9c8447a6e826692d6c843aeaab064d0da6305?s=96&d=mm&r=g","contentUrl":"https:\/\/secure.gravatar.com\/avatar\/1b07f97d6dca9edacd044f9cdcf9c8447a6e826692d6c843aeaab064d0da6305?s=96&d=mm&r=g","caption":"admin4689"},"url":"https:\/\/poltorakstomatologia.pl\/index.php\/author\/admin4689\/"}]}},"_links":{"self":[{"href":"https:\/\/poltorakstomatologia.pl\/index.php\/wp-json\/wp\/v2\/posts\/185","targetHints":{"allow":["GET"]}}],"collection":[{"href":"https:\/\/poltorakstomatologia.pl\/index.php\/wp-json\/wp\/v2\/posts"}],"about":[{"href":"https:\/\/poltorakstomatologia.pl\/index.php\/wp-json\/wp\/v2\/types\/post"}],"author":[{"embeddable":true,"href":"https:\/\/poltorakstomatologia.pl\/index.php\/wp-json\/wp\/v2\/users\/1"}],"replies":[{"embeddable":true,"href":"https:\/\/poltorakstomatologia.pl\/index.php\/wp-json\/wp\/v2\/comments?post=185"}],"version-history":[{"count":3,"href":"https:\/\/poltorakstomatologia.pl\/index.php\/wp-json\/wp\/v2\/posts\/185\/revisions"}],"predecessor-version":[{"id":198,"href":"https:\/\/poltorakstomatologia.pl\/index.php\/wp-json\/wp\/v2\/posts\/185\/revisions\/198"}],"wp:featuredmedia":[{"embeddable":true,"href":"https:\/\/poltorakstomatologia.pl\/index.php\/wp-json\/wp\/v2\/media\/186"}],"wp:attachment":[{"href":"https:\/\/poltorakstomatologia.pl\/index.php\/wp-json\/wp\/v2\/media?parent=185"}],"wp:term":[{"taxonomy":"category","embeddable":true,"href":"https:\/\/poltorakstomatologia.pl\/index.php\/wp-json\/wp\/v2\/categories?post=185"},{"taxonomy":"post_tag","embeddable":true,"href":"https:\/\/poltorakstomatologia.pl\/index.php\/wp-json\/wp\/v2\/tags?post=185"}],"curies":[{"name":"wp","href":"https:\/\/api.w.org\/{rel}","templated":true}]}}